{"id":1953,"date":"2014-09-24T21:26:47","date_gmt":"2014-09-24T19:26:47","guid":{"rendered":"http:\/\/wagrowiec.paulini.pl\/?p=1953"},"modified":"2014-09-24T21:31:33","modified_gmt":"2014-09-24T19:31:33","slug":"bl-wladyslaw-z-gielniowa","status":"publish","type":"post","link":"https:\/\/wagrowiec.paulini.pl\/?p=1953","title":{"rendered":"B\u0142. W\u0142adys\u0142aw z Gielniowa"},"content":{"rendered":"<p style=\"text-align: justify;\">Pierwszy, znany z imienia, polski poeta pisz\u0105cy w j\u0119zyku narodowym, urodzi\u0142 si\u0119 w Gielniowie oko\u0142o r. 1440. w roku 1461 rozpocz\u0105\u0142 nowicjat w zakonie bernardyn\u00f3w. Dnia 1 sierpnia 1462 r. z\u0142o\u017cy\u0142 \u015bluby zakonne, o czym zachowa\u0142 si\u0119 kr\u00f3tki wiersz autobiograficzny. Ok. r. 1465 W\u0142adys\u0142aw zosta\u0142 wy\u015bwi\u0119cony na kap\u0142ana. Ws\u0142awi\u0142 si\u0119 jako wybitny kaznodzieja, porywaj\u0105cy t\u0142umy wiernych sw\u0105 prost\u0105, ujmuj\u0105c\u0105, cz\u0119sto przeplatan\u0105 wierszami , wymow\u0105. W roku 1504 zosta\u0142 przeniesiony do Warszawy na stanowisko prze\u0142o\u017conego klasztoru bernardyn\u00f3w \u015aw. Anny. W Wielki Pi\u0105tek , dnia 21 marca 1505 roku, podczas kazania \u2013 jak przekazuj\u0105 \u015bwiadkowie \u2013 uni\u00f3s\u0142 si\u0119 w natchnieniu ponad ambon\u0119. Atak serca zmusi\u0142 go do przerwania przem\u00f3wienia. Po paru tygodniach zmar\u0142 dnia 4 maja tego\u017c roku. Ko\u015bci\u00f3\u0142 \u015aw. Anny sta\u0142 si\u0119 o\u015brodkiem kultu W\u0142adys\u0142awa. Beatyfikowany w 1750 roku.<\/p>\n<p style=\"text-align: justify;\"><!--more--><br \/>\nG\u0142\u00f3wnym obiektem kultu W\u0142adys\u0142awa z Gielniowa by\u0142y osoby Jezusa i Marii. Cierpienie Marii nabra\u0142o pod pi\u00f3rem Gielniowczyka znamion g\u0142\u0119boko ludzkiej rozpaczy. Poleca\u0142 wielokrotne odmawianie modlitwy Zdrowa\u015b Maryjo, przerywanej \u201epacierzem\u201d (tj. Ojcze nasz) zgodnie z porz\u0105dkiem r\u00f3\u017ca\u0144cowym, zapewniaj\u0105c jednocze\u015bnie, i\u017c powtarzanie 15 zwrotek o m\u0119ce umo\u017cliwi wst\u0105pienie po stopniach do nieba i o\u015bwiecenie duszy.<br \/>\nW\u0142adys\u0142aw z Gielniowa stworzy\u0142 w\u0142asny j\u0119zyk poetycki, przystosowany do przekazywania wyobra\u017ce\u0144 oraz emocji religijnych przepe\u0142niaj\u0105cych jego pie\u015bni. Najwi\u0119ksz\u0105 r\u00f3\u017cnorodno\u015bci\u0105 odznacza si\u0119 s\u0142ownictwo zwi\u0105zane z osob\u0105 Marii, np. gwiazda morska, go\u0142\u0119biczka Bo\u017ca, uliczka zamkniona. Na uwag\u0119 zas\u0142uguj\u0105 metafory \u201ekarmienia\u201d i \u201epojenia\u201d wiernych \u0142ask\u0105 Bo\u017c\u0105, np.:<br \/>\nJako wdowa nakarmi\u0142a<br \/>\nProroka i napoi\u0142a<br \/>\nTak Maryja Bo\u017c\u0105 \u0142ask\u0105<br \/>\nKarmi rzysz\u0105 krze\u015bcija\u0144sk\u0105.<\/p>\n<p style=\"text-align: justify;\">K tobie, Krolewno Niebieska,<br \/>\nWo\u0142a t\u0142uszcza krze\u015bcija\u0144ska,<br \/>\nNakrmi nas utrudzone,<br \/>\nNa tem \u015bwiecie udr\u0119czone.<\/p>\n<p style=\"text-align: justify;\">\u0141askawa Panno Maryja,<br \/>\nO Matuchno mi\u0142o\u015bciwa,<br \/>\nNapoj nas wod\u0105 gorzko\u015bci,<br \/>\nBychom op\u0142akali z\u0142o\u015bci.<\/p>\n<p style=\"text-align: justify;\">Eugeniusz \u0141ukaszewski<\/p>\n<p style=\"text-align: center;\">&#8212;&#8212;&#8212;&#8212;&#8212;&#8212;&#8212;&#8212;-<\/p>\n<p style=\"text-align: center;\">W\u0142adys\u0142aw z Gielniowa<\/p>\n<p style=\"text-align: center;\">Jezu, zbawicielu ludzski&#8230;<\/p>\n<p style=\"text-align: center;\">Jezu, zbawicielu ludzski,<br \/>\nProsz\u0119 ciebie cz\u0142owiek grzeszny,<br \/>\nDaj mi dar \u015bwi\u0119tej boja\u017ani,<br \/>\nJen1\u00a0nie wyp\u0119dza mi\u0142o\u015bci.<\/p>\n<p style=\"text-align: center;\">Jezu, krolu mi\u0142o\u015bciwy,<br \/>\nNad grzeszniki luto\u015bciwy2,<br \/>\nDaj mi dar wiernej luto\u015bci3,<br \/>\nBych op\u0142aka\u0142 moje z\u0142o\u015bci.<\/p>\n<p style=\"text-align: center;\">Jezu, rozdawca dobroci,<br \/>\nJen\u017ce je\u015b4\u00a0studnia mi\u0142o\u015bci,<br \/>\nDaj mi dar nauki prawej5,<br \/>\nBy6\u00a0rzeczy nie \u017c\u0105da\u0142 marnej.<\/p>\n<p style=\"text-align: center;\">Jezu, sierdeczna s\u0142odko\u015bci,<br \/>\nDaj mi dar dusznej mocno\u015bci7,<br \/>\nBych pokusy przewici\u0119\u017cy\u0142,<br \/>\nMocnie tobie zawsze s\u0142u\u017cy\u0142.<\/p>\n<p style=\"text-align: center;\">Jezu, raczy mi\u0119 wys\u0142ucha\u0107,<br \/>\nA dar rady dobrej mi da\u0107,<br \/>\nBych si\u0119 dobrych rzeczy dzier\u017ca\u01428,<br \/>\nA z\u0142ych rzeczy si\u0119 wiarowa\u01429.<\/p>\n<p style=\"text-align: center;\">Jezu, ktory \u015bwiat o\u015bwiecasz,<br \/>\nA jasne rozumy dawasz,<br \/>\nRaczy mi da\u0107 rozum dobry,<br \/>\nTw\u0105 mi\u0142o\u015bci\u0105 o\u015bwiecony.<\/p>\n<p style=\"text-align: center;\">Jezu, Boga O\u0107ca m\u0105dro\u015b\u0107,<br \/>\nJen je\u015b mojej duszy rado\u015b\u0107,<br \/>\nDaj mi dar \u015bwi\u0119tej m\u0105dro\u015bci,<br \/>\nBych zakusi\u014210\u00a0twej s\u0142odko\u015bci.<\/p>\n<p style=\"text-align: center;\">Obja\u015bnienia<\/p>\n<p style=\"text-align: center;\">1 kt\u00f3ry; \u00a02 lito\u015bciwy; \u00a03 prawdziwej lito\u015bci, zmi\u0142owania;\u00a04 kt\u00f3ry\u015b jest;\u00a05 prawdziwej;\u00a06 bym;\u00a07 duchowej mocy;\u00a08 trzyma\u0142;\u00a09 wystrzega\u0142;\u00a010 spr\u00f3bowa\u0142, \u00a0skosztowa\u0142<\/p>\n","protected":false},"excerpt":{"rendered":"<p>Pierwszy, znany z imienia, polski poeta pisz\u0105cy w j\u0119zyku narodowym, urodzi\u0142 si\u0119 w Gielniowie oko\u0142o r. 1440. w roku 1461 rozpocz\u0105\u0142 nowicjat w zakonie bernardyn\u00f3w. Dnia 1 sierpnia 1462 r. z\u0142o\u017cy\u0142 \u015bluby zakonne, o czym zachowa\u0142 si\u0119 kr\u00f3tki wiersz autobiograficzny. Ok. r. 1465 W\u0142adys\u0142aw zosta\u0142 wy\u015bwi\u0119cony na kap\u0142ana. Ws\u0142awi\u0142 si\u0119 jako wybitny kaznodzieja, porywaj\u0105cy t\u0142umy&#8230;<\/p>\n<p class=\"custom-read-more\">\n                <a href=\"https:\/\/wagrowiec.paulini.pl\/?p=1953\">Czytaj dalej<\/a>\n             <\/p>","protected":false},"author":1,"featured_media":1954,"comment_status":"open","ping_status":"open","sticky":false,"template":"","format":"standard","meta":{"om_disable_all_campaigns":false,"_monsterinsights_skip_tracking":false,"_monsterinsights_sitenote_active":false,"_monsterinsights_sitenote_note":"","_monsterinsights_sitenote_category":0,"footnotes":""},"categories":[1],"tags":[],"class_list":["post-1953","post","type-post","status-publish","format-standard","has-post-thumbnail","hentry","category-glowna"],"aioseo_notices":[],"_links":{"self":[{"href":"https:\/\/wagrowiec.paulini.pl\/index.php?rest_route=\/wp\/v2\/posts\/1953","targetHints":{"allow":["GET"]}}],"collection":[{"href":"https:\/\/wagrowiec.paulini.pl\/index.php?rest_route=\/wp\/v2\/posts"}],"about":[{"href":"https:\/\/wagrowiec.paulini.pl\/index.php?rest_route=\/wp\/v2\/types\/post"}],"author":[{"embeddable":true,"href":"https:\/\/wagrowiec.paulini.pl\/index.php?rest_route=\/wp\/v2\/users\/1"}],"replies":[{"embeddable":true,"href":"https:\/\/wagrowiec.paulini.pl\/index.php?rest_route=%2Fwp%2Fv2%2Fcomments&post=1953"}],"version-history":[{"count":2,"href":"https:\/\/wagrowiec.paulini.pl\/index.php?rest_route=\/wp\/v2\/posts\/1953\/revisions"}],"predecessor-version":[{"id":1956,"href":"https:\/\/wagrowiec.paulini.pl\/index.php?rest_route=\/wp\/v2\/posts\/1953\/revisions\/1956"}],"wp:featuredmedia":[{"embeddable":true,"href":"https:\/\/wagrowiec.paulini.pl\/index.php?rest_route=\/wp\/v2\/media\/1954"}],"wp:attachment":[{"href":"https:\/\/wagrowiec.paulini.pl\/index.php?rest_route=%2Fwp%2Fv2%2Fmedia&parent=1953"}],"wp:term":[{"taxonomy":"category","embeddable":true,"href":"https:\/\/wagrowiec.paulini.pl\/index.php?rest_route=%2Fwp%2Fv2%2Fcategories&post=1953"},{"taxonomy":"post_tag","embeddable":true,"href":"https:\/\/wagrowiec.paulini.pl\/index.php?rest_route=%2Fwp%2Fv2%2Ftags&post=1953"}],"curies":[{"name":"wp","href":"https:\/\/api.w.org\/{rel}","templated":true}]}}