{"id":921,"date":"2014-04-27T14:08:52","date_gmt":"2014-04-27T12:08:52","guid":{"rendered":"http:\/\/wagrowiec.paulini.pl\/?p=921"},"modified":"2014-04-27T14:10:01","modified_gmt":"2014-04-27T12:10:01","slug":"o-swiecie-milosierdzia","status":"publish","type":"post","link":"https:\/\/wagrowiec.paulini.pl\/?p=921","title":{"rendered":"O \u015awi\u0119cie Mi\u0142osierdzia"},"content":{"rendered":"<p style=\"text-align: justify;\">O \u015awi\u0119cie Mi\u0142osierdzia<\/p>\n<p style=\"text-align: justify;\">Ka\u017cdy dzie\u0144 jest dniem Mi\u0142osierdzia Bo\u017cego, bo ka\u017cdego dnia B\u00f3g mi\u0142osierny podtrzymuje nas w naszej codziennej w\u0119dr\u00f3wce przez ziemi\u0119 i ka\u017cdego dnia mo\u017cemy\u00a0przyst\u0105pi\u0107 do sakramentu pokuty oraz przyj\u0105\u0107 Komuni\u0119 \u015bwi\u0119t\u0105, a wi\u0119c zanurzy\u0107 si\u0119 w oceanach Bo\u017cych \u0142ask. Ka\u017cdego dnia! Ale jeden dzie\u0144 w kalendarzu jest\u00a0<strong>\u015awi\u0119tem Mi\u0142osierdzia Bo\u017cego<\/strong>: to pierwsza niedziela po Wielkanocy, zwana \u201ebia\u0142\u0105 niedziel\u0105\u201d, albo \u201eniedziel\u0105 katechumen\u00f3w\u201d. W pierwotnym Ko\u015bciele, katechumeni, kt\u00f3rzy otrzymali chrzest podczas uroczystej Wigilii Paschalnej, przez osiem dni przychodzili do ko\u015bcio\u0142a, aby dzi\u0119kowa\u0107 Bogu za otrzymany dar. Pierwsza niedziela po Wielkanocy by\u0142a ostatnim z tych dni. Wtedy swoje dzi\u0119kczynienie wyra\u017cali w spos\u00f3b najbardziej uroczysty. Doskonale oddaj\u0105 to teksty mszalne: \u201eBo\u017ce zawsze mi\u0142osierny \u2013 modlimy si\u0119 w kolekcie \u2013 Ty przez doroczn\u0105 uroczysto\u015b\u0107 wielkanocn\u0105 umacniasz wiar\u0119 swojego ludu. Pomn\u00f3\u017c \u0142ask\u0119, kt\u00f3rej udzieli\u0142e\u015b, aby\u015bmy wszyscy g\u0142\u0119biej poj\u0119li jak wielki jest chrzest, przez kt\u00f3ry zostali\u015bmy oczyszczeni, jak pot\u0119\u017cny jest Duch, przez kt\u00f3rego zostali\u015bmy odrodzeni i jak cenna jest Krew, przez kt\u00f3r\u0105 zastali\u015bmy odkupieni\u201d. Czy\u017c wi\u0119c mo\u017cna sobie wyobrazi\u0107 bardziej stosowny moment, by \u2013 w liturgicznej formie \u2013 uczci\u0107 tajemnic\u0119 Bo\u017cego Mi\u0142osierdzia?<\/p>\n<p style=\"text-align: justify;\">\u00a0\u00a0\u00a0\u00a0\u00a0Dat\u0119 \u015bwi\u0119ta ustali\u0142 zreszt\u0105 jako pierwszy nie papie\u017c, nie biskup, nie kolegium biskup\u00f3w i nie pobo\u017cne grono \u015bwieckich, ale sam Chrystus. Ju\u017c podczas objawie\u0144, jakie siostra Faustyna otrzyma\u0142a w P\u0142ocku (w lutym 1931 roku), Jezus poprosi\u0142 o ustanowienie \u015bwi\u0119ta i o to, by by\u0142o ono odprawiane w\u0142a\u015bnie w\u00a0<em>Niedziel\u0119 Przewodni\u0105<\/em>. M\u00f3wi\u0142 siostrze Faustynie: \u201eja pragn\u0119, aby by\u0142o \u015awi\u0119to Mi\u0142osierdzia. Chc\u0119, aby ten obraz, kt\u00f3ry namalujesz p\u0119dzlem, \u017ceby by\u0142 uroczy\u015bcie po\u015bwi\u0119cony w pierwsz\u0105 niedziel\u0119 po Wielkanocy, ta niedziela ma by\u0107 \u015awi\u0119tem Mi\u0142osierdzia\u201d (Dz. 49) i dalej: \u201e\u015awi\u0119to Mi\u0142osierdzia wysz\u0142o z wn\u0119trzno\u015bci moich, pragn\u0119, aby by\u0142o uroczy\u015bcie obchodzone w pierwsz\u0105 niedziel\u0119 po Wielkanocy. Nie zazna ludzko\u015b\u0107 spokoju, dop\u00f3ki si\u0119 nie zwr\u00f3ci do \u017ar\u00f3d\u0142a mi\u0142osierdzia mojego\u201d (Dz. 699). Potem b\u0119dzie Pan Jezus jeszcze wielokrotnie prosi\u0142 o to, by w\u0142a\u015bnie tego dnia obchodzono to \u015bwi\u0119to, by wystawiono do publicznej czci obraz Mi\u0142osierdzia, by kap\u0142ani g\u0142osili kazania o Bo\u017cym mi\u0142osierdziu i z gorliwo\u015bci\u0105 s\u0142u\u017cyli w konfesjonale.<\/p>\n<p style=\"text-align: justify;\">\u00a0\u00a0\u00a0\u00a0\u00a0<strong>Dlaczego to \u015bwi\u0119to ma takie znaczenie?<\/strong>\u00a0Ze wzgl\u0119du na obietnice Pana Jezusa z nim zwi\u0105zane. Sam Chrystus nazywa ten dzie\u0144 \u201eostatni\u0105 desk\u0105 ratunku\u201d (Dz. 965) i obiecuje niezwyk\u0142e dary, kt\u00f3re zostan\u0105 udzielone ka\u017cdemu, kto tego dnia przyst\u0105pi do spowiedzi i Komunii \u015bwi\u0119tej. S\u0142owa, kt\u00f3re m\u00f3wi\u0105 o tych obietnicach, s\u0105 jak bomba: \u201eC\u00f3rko moja, m\u00f3w ca\u0142emu \u015bwiatu o niepoj\u0119tym mi\u0142osierdziu moim. Pragn\u0119, aby \u015awi\u0119to Mi\u0142osierdzia by\u0142o ucieczk\u0105 i schronieniem\u00a0 dla wszystkich dusz, a szczeg\u00f3lnie dla biednych grzesznik\u00f3w. W dniu tym otwarte s\u0105 wn\u0119trzno\u015bci mi\u0142osierdzia. Wylewam ca\u0142e morze \u0142ask na dusze, kt\u00f3re si\u0119 zbli\u017c\u0105 do \u017ar\u00f3d\u0142a mi\u0142osierdzia mojego; kt\u00f3ra dusza przyst\u0105pi do spowiedzi i Komunii \u015bwi\u0119tej, dost\u0105pi zupe\u0142nego odpuszczenia win i kar; w tym dniu otwarte s\u0105 wszystkie upusty Bo\u017ce, przez kt\u00f3re p\u0142yn\u0105 \u0142aski; niech si\u0119 nie l\u0119ka zbli\u017cy\u0107 do<span style=\"line-height: 1.5;\">\u00a0mnie \u017cadna dusza, chocia\u017cby jej grzechy by\u0142y jak szkar\u0142at\u201d (Dz. 699).<\/span><a style=\"line-height: 1.5; color: #41a62a; outline: #000000;\" href=\"http:\/\/apostol-milosierdzia.pl\/wp-content\/uploads\/2013\/05\/Formacja.jpg\" target=\"_blank\"><img loading=\"lazy\" decoding=\"async\" title=\"Formacja\" alt=\"T\u0142um ludzi w Dolinie Mi\u0142osierdzia, przed o\u0142tarzem polowym\" src=\"https:\/\/ci5.googleusercontent.com\/proxy\/zR_xn6pqbLX_SMpG6f15qbeQhpRphQ7rzd8qNVDP_w3NDPX9aG2lxTbGBxXBWysIPzhvwC4vITF-enRU01lzNSWqR26c2QY_XJtWZBYdOvRUTAyntiPe18IMn8LvbEXk5RR7Jg=s0-d-e1-ft#http:\/\/apostol-milosierdzia.pl\/wp-content\/uploads\/2013\/05\/Formacja-300x200.jpg\" width=\"300\" height=\"200\" \/><\/a><\/p>\n<p style=\"text-align: justify;\">\u00a0\u00a0\u00a0\u00a0\u00a0Czyli \u015awi\u0119to Mi\u0142osierdzia to taki dzie\u0144,kiedy trzeba raz na zawsze wykre\u015bli\u0107 ze swojego s\u0142ownika zdania: \u201eto ju\u017c koniec\u201d, \u201eju\u017c nie dam rady\u201d, \u201eju\u017c nie mam szans\u201d, \u201eju\u017c si\u0119 nie zmieni\u0119\u201d, \u201eju\u017c po mnie\u201d. Nie! Nie! Nie! W\u0142a\u015bnie, \u017ce nie! Nie wolno tak m\u00f3wi\u0107, nie wolno tak nawet my\u015ble\u0107. Zaczynaj od nowa. W\u0142a\u015bnie w ten dzie\u0144! Cz\u0142owieku zaczynaj od nowa! Je\u015bli jeste\u015b w grzechu \u2013 id\u017a do spowiedzi. Cho\u0107by twoje grzechy by\u0142y jak szkar\u0142at \u2013 wybielej\u0105. W tym dniu ka\u017cdy, nawet najwi\u0119kszy grzesznik, mo\u017ce sta\u0107 si\u0119 najmilszym dzieckiem Boga. Nawet je\u015bli w twoim \u017cyciu by\u0142a aborcja, zdrada ma\u0142\u017ce\u0144ska, nawet je\u015bli by\u0142y jakie\u015b okropne i najbardziej wyrafinowane grzechy seksualne, nawet je\u015bli by\u0142a kradzie\u017c, oszczercze oskar\u017cenia dobijaj\u0105ce kogo\u015b, nawet je\u015bli by\u0142o przekle\u0144stwo, nawet je\u015bli ostatnia wa\u017cna spowied\u017a by\u0142a ze dwadzie\u015bcia lat temu, nawet je\u015bli si\u0119 nie spowiadasz w og\u00f3le od kilkunastu, albo kilkudziesi\u0119ciu lat, przyjd\u017a tego dnia koniecznie do spowiedzi. Bo inaczej \u2013 p\u00f3jdziesz do diab\u0142a. Dos\u0142ownie! Innej alternatywy nie ma. Skoro to \u015bwi\u0119to jest ostatni\u0105 desk\u0105 ratunku. Mi\u0142osierdzie Bo\u017ce jest ratunkiem dla \u015bwiata i dla cz\u0142owieka, gin\u0105cego w grzechu. A jak si\u0119 ton\u0105cy ostatniej deski nie uchwyci, to co z nim b\u0119dzie? Strach pomy\u015ble\u0107.<\/p>\n<p style=\"text-align: justify;\">\u00a0\u00a0\u00a0\u00a0\u00a0\u015awi\u0119to Mi\u0142osierdzia to tak\u017ce i taki dzie\u0144, kiedy trzeba raz na zawsze wykre\u015bli\u0107 ze swojego s\u0142ownika zdania: \u201ez nim ju\u017c koniec\u201d, \u201eju\u017c nie da rady\u201d, \u201eju\u017c nie ma szans\u201d, \u201eju\u017c si\u0119 nie zmieni\u201d, \u201eju\u017c po nim\u201d, \u201ewszystko na nic\u201d. Nie! Nie! Nie! W\u0142a\u015bnie, \u017ce nie! Nie wolno tak m\u00f3wi\u0107, nie wolno tak nawet my\u015ble\u0107. Kiedy podejdziemy do obrazu Bo\u017cego Mi\u0142osierdzia, to zobaczymy, \u017ce te promienie s\u0105 jak rzeka. \u017be one si\u0119 nie zatrzymuj\u0105 na brzegu obrazu, ale p\u0142yn\u0105 dalej, dalej. I tak jest naprawd\u0119! Promienie \u0142aski chc\u0105 spa\u015b\u0107 na ca\u0142y \u015bwiat i na ka\u017cdego. \u201eO jak ma\u0142a liczba dusz prawdziwie Ci\u0119 zna\u201d \u2013 napisa\u0142a siostra Faustyna. I dlatego \u015awi\u0119to Mi\u0142osierdzia Bo\u017cego powinno by\u0107 te\u017c czasem naszej intensywnej modlitwy za niewierz\u0105cych, za oddalonych od Boga. Nie dniem narzekania na nich, nie dniem ich pot\u0119piania, ale dniem szczeg\u00f3lnej modlitwy w ich intencji.<\/p>\n<p style=\"text-align: justify;\">\u00a0\u00a0\u00a0\u00a0\u00a0Kobieta bardzo duchowo podobna do\u00a0 siostry Faustyny, wielka czcicielka Mi\u0142osierdzia Bo\u017cego, kobieta ufna \u2013 \u015bw. Teresa z Liesieux, uwa\u017ca\u0142a niewierz\u0105cych za swoich braci, z \u201ekt\u00f3rymi siedzi przy tym samym stole i je ten sam chleb\u201d i prosi\u0142a Jezusa, aby nigdy nie zosta\u0142a od tego sto\u0142u odsuni\u0119ta, poniewa\u017c, w odr\u00f3\u017cnieniu od nich, pozna\u0142a czym jest mi\u0142o\u015b\u0107 Bo\u017ca, podczas gdy oni nie u\u015bwiadamiaj\u0105 sobie nawet jak bolesna jest ich sytuacja. To jest te\u017c nasze zadanie na dzisiaj. Je\u015bli nie umiemy tego robi\u0107 codziennie, to przynajmniej w dzie\u0144 Mi\u0142osierdzia Bo\u017cego \u2013 zasi\u0105d\u017amy z niewierz\u0105cymi przy ich stole, jedzmy ich chleb, s\u0142uchajmy ich, starajmy si\u0119 ich zrozumie\u0107, a przede wszystkim ich nie os\u0105dzajmy! Nie os\u0105dzajmy tych, kt\u00f3rzy maj\u0105 ze swoj\u0105 wiar\u0105 problem, kt\u00f3rzy nie s\u0105 nie tylko w pierwszej ko\u015bcielnej \u0142awce, ale nie s\u0105 w \u017cadnej. Chcieliby mo\u017ce by\u0107, ale nie umiej\u0105. M\u00f3dlmy si\u0119 za nich, ofiarujmy tego dnia w ich intencjach nasze posty, pokuty i cierpienia, ale ich nie os\u0105dzajmy. Miejmy dla nich du\u017co cierpliwo\u015bci i du\u017co mi\u0142o\u015bci. Pewna zatroskana mama powiedzia\u0142a mi niedawno, \u017ce syn odszed\u0142 od Boga, mieszka z kobiet\u0105. \u201eWi\u0119c postanowi\u0142am \u2013 m\u00f3wi ona \u2013 \u017ce moja noga w jego domu nie postanie. On mo\u017ce do nas przyj\u015b\u0107, ale bez niej. My do niego nie p\u00f3jdziemy\u201d. Tylko, \u017ce to nie jest ani Chrystusowe, ani chrze\u015bcija\u0144skie. Pan Jezus jada\u0142 z celnikami i grzesznikami przy ich stole (od Niego nauczy\u0142a si\u0119 tego \u015bw. Teresa), nie czeka\u0142, a\u017c celnicy przyjd\u0105 do Jego sto\u0142u. Mo\u017ce nigdy by nie przyszli. Nie mog\u0119 oprze\u0107 si\u0119 my\u015bli, \u017ce wielu ludzi nie odrzuci\u0142oby nigdy Boga, gdyby\u015bmy my \u2013 \u201eurasowieni chrze\u015bcijanie\u201d nie odrzucili ich tak szybko i tak \u0142atwo. Pan Jezus m\u00f3wi do Faustyny: \u201eTak, pierwsza Niedziela jest \u015awi\u0119tem Mi\u0142osierdzia, ale musi by\u0107 i czyn\u201d (Dz. 742).<\/p>\n<p style=\"text-align: justify;\">\u00a0\u00a0\u00a0\u00a0\u00a0W\u0142a\u015bnie: \u201emusi by\u0107 i czyn\u201d! Tak m\u00f3wi Pan Jezus Faustynie i tak m\u00f3wi nam. \u201eMusi by\u0107 i czyn\u201d! Jaki? Konkretny. Tyle ilu czcicieli Mi\u0142osierdzia Bo\u017cego, tyle potencjalnych, konkretnych czyn\u00f3w mi\u0142osierdzia. Nie chodzi tylko o to, by si\u0119 wykpi\u0107 tzw. dobrymi uczynkami. \u017be ja dam co\u015b biednemu, albo na\u00a0<em>Caritas<\/em>. To jest wa\u017cne, ale niewystarczaj\u0105ce. Du\u017co bardziej chodzi w\u0142a\u015bnie o t\u0119 postaw\u0119 mi\u0142osierdzia wobec s\u0142abo wierz\u0105cych, albo niewierz\u0105cych wcale.<\/p>\n<p style=\"text-align: justify;\">\u00a0\u00a0\u00a0\u00a0\u00a0\u015awi\u0119to Mi\u0142osierdzia Bo\u017cego nie od razu pojawi\u0142o si\u0119 w kalendarzu liturgicznym. Cho\u0107 ju\u017c 16 kwietnia 1944 roku obchodzono je w Krakowie, a w 1946 roku biskupi polscy wnie\u015bli do Stolicy Apostolskiej pro\u015bb\u0119 o oficjalne ustanowienie \u015bwi\u0119ta, to na sta\u0142e dopiero od 1985 roku by\u0142o ono obchodzone w archidiecezji krakowskiej, a od 1995 roku w ca\u0142ej Polsce. W czasie kanonizacji siostry Faustyny, 5 maja 2000 roku (kt\u00f3ra, podobnie jak jej beatyfikacja, odby\u0142a si\u0119 \u2013\u00a0 a jak\u017ce \u2013 w \u015awi\u0119to Mi\u0142osierdzia Bo\u017cego), papie\u017c Jan Pawe\u0142 II oficjalnie og\u0142osi\u0142, \u017ce II Niedziela Wielkanocna obchodzona b\u0119dzie w ca\u0142ym Ko\u015bciele jako Niedziela Mi\u0142osierdzia Bo\u017cego. Pi\u0119\u0107 lat p\u00f3\u017aniej, w wigili\u0119 tej Niedzieli, papie\u017c Jan Pawe\u0142, przeszed\u0142 do Domu Ojca, a 1 maja 2011 roku, tak\u017ce w Niedziel\u0119 Mi\u0142osierdzia Bo\u017cego, zosta\u0142 og\u0142oszony B\u0142ogos\u0142awionym.<\/p>\n<p style=\"text-align: justify;\">\u00a0\u00a0\u00a0\u00a0\u00a0Kiedy uczestniczymy w Mszy \u015bwi\u0119tej sprawowanej w Niedziel\u0119 Mi\u0142osierdzia s\u0142yszymy ewangeli\u0119 o apostole Tomaszu, kt\u00f3ry wk\u0142ada swoje d\u0142onie w rany Chrystusa. Nie trzeba wielkiego talentu teologicznego, \u017ceby zobaczy\u0107 jak bardzo ta ewangeliczna scena jest bliska tajemnicy objawionej \u015bwiatu za pomoc\u0105 \u015bw. siostry Faustyny. Oto, gdy Aposto\u0142owie m\u00f3wi\u0105: \u201ewidzieli\u015bmy Pana\u201d, Tomaszowi to nie wystarczy. On chce wi\u0119cej. Nie chce wi\u0105za\u0107 si\u0119 z ide\u0105, z opowie\u015bci\u0105 o Chrystusie. Chce osoby. M\u00f3wi wi\u0119c: \u201edop\u00f3ki nie zobacz\u0119 Go na w\u0142asne oczy i dop\u00f3ki Go osobi\u015bcie nie dotkn\u0119, nie uwierz\u0119\u201d. I Jezus pokornie odpowiada na to \u017c\u0105danie. Po o\u015bmiu dniach przychodzi biedny i bezbronny, jak na znanym nam tak dobrze obrazie. \u201eProsz\u0119 Tomaszu, oto moje rany, oto m\u00f3j bok i moje d\u0142onie, oto ja we w\u0142asnej osobie. Patrz i dotykaj mnie i nie b\u0105d\u017a niedowiarkiem, ale wierz\u0105cym!\u201d. Wtedy serce Tomasza otwiera si\u0119 ca\u0142kowicie i wydostaje si\u0119 z niego najczystszy, najbardziej ufny okrzyk wiary w b\u00f3stwo i cz\u0142owiecze\u0144stwo Chrystusa. S\u0142owa, kt\u00f3re wyra\u017caj\u0105 wszystko: \u201ePan m\u00f3j i B\u00f3g m\u00f3j\u201d. To samo co: \u201eJezu, ufam Tobie\u201d. To jest ju\u017c m\u00f3j Pan i m\u00f3j B\u00f3g! Nie \u201ejaki\u015b\u201d, teoretyczny, daleki, wielki B\u00f3g w og\u00f3le, ale B\u00f3g m\u00f3j, Pan m\u00f3j \u2013 mojego \u017cycia i mojego losu. Tak, wtedy Tomasz mia\u0142 swoje \u015awi\u0119to Mi\u0142osierdzia Bo\u017cego.<\/p>\n<p style=\"text-align: justify;\">\u00a0\u00a0\u00a0\u00a0\u00a0Ten aposto\u0142 zwany jest Didymos, czyli \u201ebli\u017aniak\u201d. Czy on znajdzie swoich duchowych bli\u017aniak\u00f3w w\u015br\u00f3d czcicieli Bo\u017cego Mi\u0142osierdzia? W\u015br\u00f3d nas?! Oby znalaz\u0142\u00a0 ich jak najwi\u0119cej!<\/p>\n","protected":false},"excerpt":{"rendered":"<p>O \u015awi\u0119cie Mi\u0142osierdzia Ka\u017cdy dzie\u0144 jest dniem Mi\u0142osierdzia Bo\u017cego, bo ka\u017cdego dnia B\u00f3g mi\u0142osierny podtrzymuje nas w naszej codziennej w\u0119dr\u00f3wce przez ziemi\u0119 i ka\u017cdego dnia mo\u017cemy\u00a0przyst\u0105pi\u0107 do sakramentu pokuty oraz przyj\u0105\u0107 Komuni\u0119 \u015bwi\u0119t\u0105, a wi\u0119c zanurzy\u0107 si\u0119 w oceanach Bo\u017cych \u0142ask. Ka\u017cdego dnia! Ale jeden dzie\u0144 w kalendarzu jest\u00a0\u015awi\u0119tem Mi\u0142osierdzia Bo\u017cego: to pierwsza niedziela po&#8230;<\/p>\n<p class=\"custom-read-more\">\n                <a href=\"https:\/\/wagrowiec.paulini.pl\/?p=921\">Czytaj dalej<\/a>\n             <\/p>","protected":false},"author":1,"featured_media":922,"comment_status":"open","ping_status":"open","sticky":false,"template":"","format":"standard","meta":{"om_disable_all_campaigns":false,"_monsterinsights_skip_tracking":false,"_monsterinsights_sitenote_active":false,"_monsterinsights_sitenote_note":"","_monsterinsights_sitenote_category":0,"footnotes":""},"categories":[1],"tags":[],"class_list":["post-921","post","type-post","status-publish","format-standard","has-post-thumbnail","hentry","category-glowna"],"aioseo_notices":[],"_links":{"self":[{"href":"https:\/\/wagrowiec.paulini.pl\/index.php?rest_route=\/wp\/v2\/posts\/921","targetHints":{"allow":["GET"]}}],"collection":[{"href":"https:\/\/wagrowiec.paulini.pl\/index.php?rest_route=\/wp\/v2\/posts"}],"about":[{"href":"https:\/\/wagrowiec.paulini.pl\/index.php?rest_route=\/wp\/v2\/types\/post"}],"author":[{"embeddable":true,"href":"https:\/\/wagrowiec.paulini.pl\/index.php?rest_route=\/wp\/v2\/users\/1"}],"replies":[{"embeddable":true,"href":"https:\/\/wagrowiec.paulini.pl\/index.php?rest_route=%2Fwp%2Fv2%2Fcomments&post=921"}],"version-history":[{"count":2,"href":"https:\/\/wagrowiec.paulini.pl\/index.php?rest_route=\/wp\/v2\/posts\/921\/revisions"}],"predecessor-version":[{"id":924,"href":"https:\/\/wagrowiec.paulini.pl\/index.php?rest_route=\/wp\/v2\/posts\/921\/revisions\/924"}],"wp:featuredmedia":[{"embeddable":true,"href":"https:\/\/wagrowiec.paulini.pl\/index.php?rest_route=\/wp\/v2\/media\/922"}],"wp:attachment":[{"href":"https:\/\/wagrowiec.paulini.pl\/index.php?rest_route=%2Fwp%2Fv2%2Fmedia&parent=921"}],"wp:term":[{"taxonomy":"category","embeddable":true,"href":"https:\/\/wagrowiec.paulini.pl\/index.php?rest_route=%2Fwp%2Fv2%2Fcategories&post=921"},{"taxonomy":"post_tag","embeddable":true,"href":"https:\/\/wagrowiec.paulini.pl\/index.php?rest_route=%2Fwp%2Fv2%2Ftags&post=921"}],"curies":[{"name":"wp","href":"https:\/\/api.w.org\/{rel}","templated":true}]}}